{"id":3520,"date":"2022-04-22T17:21:03","date_gmt":"2022-04-22T15:21:03","guid":{"rendered":"https:\/\/www.sime-tek.com\/news-evenements\/viv-europe-2022\/"},"modified":"2022-04-22T17:50:19","modified_gmt":"2022-04-22T15:50:19","slug":"viv-europe-2022","status":"publish","type":"post","link":"https:\/\/www.sime-tek.com\/fr\/news-evenements\/evenements\/viv-europe-2022\/","title":{"rendered":"VIV Europe 2022"},"content":{"rendered":"<p>VIV Europe est le <strong>No. 1er salon de la volaille et des \u0153ufs<\/strong> en Europe et c&rsquo;est l&rsquo;occasion id\u00e9ale de rencontrer notre \u00e9quipe pour discuter de <strong>nouvelles opportunit\u00e9s<\/strong> et d\u00e9velopper de nouvelles relations!<\/p>\n<p>Notre \u00e9quipe sera heureuse de vous accueillir au <strong>stand A096<\/strong> dans le <strong>hall 7<\/strong>. Nous aurons quelques-uns de nos <strong>empaquese d&rsquo;\u0153ufs<\/strong> les plus vendus et une toute <strong>nouvelle innovation<\/strong> qui r\u00e9volutionnera la fa\u00e7on dont les producteurs d&rsquo;\u0153ufs m\u00e8nent leurs activit\u00e9s quotidiennes.<\/p>\n<p>Viens dire Bonjour!<\/p>\n<p>Exhibition website: <span style=\"color: #0000ff;\"><a style=\"color: #0000ff;\" href=\"http:\/\/www.viveurope.nl\" target=\"_blank\" rel=\"noopener\">www.viveurope.nl<\/a><\/span><\/p>\n","protected":false},"excerpt":{"rendered":"<p>VIV Europe est le No. 1er salon de la volaille et des \u0153ufs en Europe et c&rsquo;est l&rsquo;occasion id\u00e9ale de rencontrer notre \u00e9quipe pour discuter de nouvelles opportunit\u00e9s et d\u00e9velopper de nouvelles relations! Notre \u00e9quipe sera heureuse de vous accueillir au stand A096 dans le hall 7. Nous aurons quelques-uns de nos empaquese d&rsquo;\u0153ufs les [&hellip;]<\/p>\n","protected":false},"author":3,"featured_media":3512,"comment_status":"closed","ping_status":"closed","sticky":false,"template":"","format":"standard","meta":[],"categories":[245,624],"tags":[],"acf":[],"yoast_head":"<!-- This site is optimized with the Yoast SEO plugin v20.7 - https:\/\/yoast.com\/wordpress\/plugins\/seo\/ -->\n<title>VIV Europe 2022 - Sime-tek<\/title>\n<meta name=\"robots\" content=\"index, follow, max-snippet:-1, max-image-preview:large, max-video-preview:-1\" \/>\n<link rel=\"canonical\" href=\"https:\/\/www.sime-tek.com\/fr\/news-evenements\/evenements\/viv-europe-2022\/\" \/>\n<meta property=\"og:locale\" content=\"fr_FR\" \/>\n<meta property=\"og:type\" content=\"article\" \/>\n<meta property=\"og:title\" content=\"VIV Europe 2022 - Sime-tek\" \/>\n<meta property=\"og:description\" content=\"VIV Europe est le No. 1er salon de la volaille et des \u0153ufs en Europe et c&rsquo;est l&rsquo;occasion id\u00e9ale de rencontrer notre \u00e9quipe pour discuter de nouvelles opportunit\u00e9s et d\u00e9velopper de nouvelles relations! Notre \u00e9quipe sera heureuse de vous accueillir au stand A096 dans le hall 7. Nous aurons quelques-uns de nos empaquese d&rsquo;\u0153ufs les [&hellip;]\" \/>\n<meta property=\"og:url\" content=\"https:\/\/www.sime-tek.com\/fr\/news-evenements\/evenements\/viv-europe-2022\/\" \/>\n<meta property=\"og:site_name\" content=\"Sime-tek\" \/>\n<meta property=\"article:published_time\" content=\"2022-04-22T15:21:03+00:00\" \/>\n<meta property=\"article:modified_time\" content=\"2022-04-22T15:50:19+00:00\" \/>\n<meta property=\"og:image\" content=\"https:\/\/www.sime-tek.com\/wp-content\/uploads\/2022\/04\/VIV_Europe_2022.jpeg\" \/>\n\t<meta property=\"og:image:width\" content=\"1920\" \/>\n\t<meta property=\"og:image:height\" content=\"836\" \/>\n\t<meta property=\"og:image:type\" content=\"image\/jpeg\" \/>\n<meta name=\"author\" content=\"Federico\" \/>\n<meta name=\"twitter:card\" content=\"summary_large_image\" \/>\n<meta name=\"twitter:label1\" content=\"\u00c9crit par\" \/>\n\t<meta name=\"twitter:data1\" content=\"Federico\" \/>\n\t<meta name=\"twitter:label2\" content=\"Dur\u00e9e de lecture estim\u00e9e\" \/>\n\t<meta name=\"twitter:data2\" content=\"1 minute\" \/>\n<script type=\"application\/ld+json\" class=\"yoast-schema-graph\">{\"@context\":\"https:\/\/schema.org\",\"@graph\":[{\"@type\":\"WebPage\",\"@id\":\"https:\/\/www.sime-tek.com\/fr\/news-evenements\/evenements\/viv-europe-2022\/\",\"url\":\"https:\/\/www.sime-tek.com\/fr\/news-evenements\/evenements\/viv-europe-2022\/\",\"name\":\"VIV Europe 2022 - Sime-tek\",\"isPartOf\":{\"@id\":\"https:\/\/www.sime-tek.com\/fr\/#website\"},\"datePublished\":\"2022-04-22T15:21:03+00:00\",\"dateModified\":\"2022-04-22T15:50:19+00:00\",\"author\":{\"@id\":\"https:\/\/www.sime-tek.com\/fr\/#\/schema\/person\/16eb3108fe65d0f08d3aadf3ba67cdca\"},\"breadcrumb\":{\"@id\":\"https:\/\/www.sime-tek.com\/fr\/news-evenements\/evenements\/viv-europe-2022\/#breadcrumb\"},\"inLanguage\":\"fr-FR\",\"potentialAction\":[{\"@type\":\"ReadAction\",\"target\":[\"https:\/\/www.sime-tek.com\/fr\/news-evenements\/evenements\/viv-europe-2022\/\"]}]},{\"@type\":\"BreadcrumbList\",\"@id\":\"https:\/\/www.sime-tek.com\/fr\/news-evenements\/evenements\/viv-europe-2022\/#breadcrumb\",\"itemListElement\":[{\"@type\":\"ListItem\",\"position\":1,\"name\":\"Home\",\"item\":\"https:\/\/www.sime-tek.com\/fr\/home\/\"},{\"@type\":\"ListItem\",\"position\":2,\"name\":\"VIV Europe 2022\"}]},{\"@type\":\"WebSite\",\"@id\":\"https:\/\/www.sime-tek.com\/fr\/#website\",\"url\":\"https:\/\/www.sime-tek.com\/fr\/\",\"name\":\"Sime-tek\",\"description\":\"\",\"potentialAction\":[{\"@type\":\"SearchAction\",\"target\":{\"@type\":\"EntryPoint\",\"urlTemplate\":\"https:\/\/www.sime-tek.com\/fr\/?s={search_term_string}\"},\"query-input\":\"required name=search_term_string\"}],\"inLanguage\":\"fr-FR\"},{\"@type\":\"Person\",\"@id\":\"https:\/\/www.sime-tek.com\/fr\/#\/schema\/person\/16eb3108fe65d0f08d3aadf3ba67cdca\",\"name\":\"Federico\",\"url\":\"https:\/\/www.sime-tek.com\/fr\/author\/federico\/\"}]}<\/script>\n<!-- \/ Yoast SEO plugin. -->","yoast_head_json":{"title":"VIV Europe 2022 - Sime-tek","robots":{"index":"index","follow":"follow","max-snippet":"max-snippet:-1","max-image-preview":"max-image-preview:large","max-video-preview":"max-video-preview:-1"},"canonical":"https:\/\/www.sime-tek.com\/fr\/news-evenements\/evenements\/viv-europe-2022\/","og_locale":"fr_FR","og_type":"article","og_title":"VIV Europe 2022 - Sime-tek","og_description":"VIV Europe est le No. 1er salon de la volaille et des \u0153ufs en Europe et c&rsquo;est l&rsquo;occasion id\u00e9ale de rencontrer notre \u00e9quipe pour discuter de nouvelles opportunit\u00e9s et d\u00e9velopper de nouvelles relations! Notre \u00e9quipe sera heureuse de vous accueillir au stand A096 dans le hall 7. Nous aurons quelques-uns de nos empaquese d&rsquo;\u0153ufs les [&hellip;]","og_url":"https:\/\/www.sime-tek.com\/fr\/news-evenements\/evenements\/viv-europe-2022\/","og_site_name":"Sime-tek","article_published_time":"2022-04-22T15:21:03+00:00","article_modified_time":"2022-04-22T15:50:19+00:00","og_image":[{"width":1920,"height":836,"url":"https:\/\/www.sime-tek.com\/wp-content\/uploads\/2022\/04\/VIV_Europe_2022.jpeg","type":"image\/jpeg"}],"author":"Federico","twitter_card":"summary_large_image","twitter_misc":{"\u00c9crit par":"Federico","Dur\u00e9e de lecture estim\u00e9e":"1 minute"},"schema":{"@context":"https:\/\/schema.org","@graph":[{"@type":"WebPage","@id":"https:\/\/www.sime-tek.com\/fr\/news-evenements\/evenements\/viv-europe-2022\/","url":"https:\/\/www.sime-tek.com\/fr\/news-evenements\/evenements\/viv-europe-2022\/","name":"VIV Europe 2022 - Sime-tek","isPartOf":{"@id":"https:\/\/www.sime-tek.com\/fr\/#website"},"datePublished":"2022-04-22T15:21:03+00:00","dateModified":"2022-04-22T15:50:19+00:00","author":{"@id":"https:\/\/www.sime-tek.com\/fr\/#\/schema\/person\/16eb3108fe65d0f08d3aadf3ba67cdca"},"breadcrumb":{"@id":"https:\/\/www.sime-tek.com\/fr\/news-evenements\/evenements\/viv-europe-2022\/#breadcrumb"},"inLanguage":"fr-FR","potentialAction":[{"@type":"ReadAction","target":["https:\/\/www.sime-tek.com\/fr\/news-evenements\/evenements\/viv-europe-2022\/"]}]},{"@type":"BreadcrumbList","@id":"https:\/\/www.sime-tek.com\/fr\/news-evenements\/evenements\/viv-europe-2022\/#breadcrumb","itemListElement":[{"@type":"ListItem","position":1,"name":"Home","item":"https:\/\/www.sime-tek.com\/fr\/home\/"},{"@type":"ListItem","position":2,"name":"VIV Europe 2022"}]},{"@type":"WebSite","@id":"https:\/\/www.sime-tek.com\/fr\/#website","url":"https:\/\/www.sime-tek.com\/fr\/","name":"Sime-tek","description":"","potentialAction":[{"@type":"SearchAction","target":{"@type":"EntryPoint","urlTemplate":"https:\/\/www.sime-tek.com\/fr\/?s={search_term_string}"},"query-input":"required name=search_term_string"}],"inLanguage":"fr-FR"},{"@type":"Person","@id":"https:\/\/www.sime-tek.com\/fr\/#\/schema\/person\/16eb3108fe65d0f08d3aadf3ba67cdca","name":"Federico","url":"https:\/\/www.sime-tek.com\/fr\/author\/federico\/"}]}},"wps_subtitle":"Utrecht, 31 May - 2 June","_links":{"self":[{"href":"https:\/\/www.sime-tek.com\/fr\/wp-json\/wp\/v2\/posts\/3520"}],"collection":[{"href":"https:\/\/www.sime-tek.com\/fr\/wp-json\/wp\/v2\/posts"}],"about":[{"href":"https:\/\/www.sime-tek.com\/fr\/wp-json\/wp\/v2\/types\/post"}],"author":[{"embeddable":true,"href":"https:\/\/www.sime-tek.com\/fr\/wp-json\/wp\/v2\/users\/3"}],"replies":[{"embeddable":true,"href":"https:\/\/www.sime-tek.com\/fr\/wp-json\/wp\/v2\/comments?post=3520"}],"version-history":[{"count":4,"href":"https:\/\/www.sime-tek.com\/fr\/wp-json\/wp\/v2\/posts\/3520\/revisions"}],"predecessor-version":[{"id":3539,"href":"https:\/\/www.sime-tek.com\/fr\/wp-json\/wp\/v2\/posts\/3520\/revisions\/3539"}],"wp:featuredmedia":[{"embeddable":true,"href":"https:\/\/www.sime-tek.com\/fr\/wp-json\/wp\/v2\/media\/3512"}],"wp:attachment":[{"href":"https:\/\/www.sime-tek.com\/fr\/wp-json\/wp\/v2\/media?parent=3520"}],"wp:term":[{"taxonomy":"category","embeddable":true,"href":"https:\/\/www.sime-tek.com\/fr\/wp-json\/wp\/v2\/categories?post=3520"},{"taxonomy":"post_tag","embeddable":true,"href":"https:\/\/www.sime-tek.com\/fr\/wp-json\/wp\/v2\/tags?post=3520"}],"curies":[{"name":"wp","href":"https:\/\/api.w.org\/{rel}","templated":true}]}}