{"id":3522,"date":"2022-04-22T17:21:03","date_gmt":"2022-04-22T15:21:03","guid":{"rendered":"https:\/\/www.sime-tek.com\/noticias-y-eventos\/viv-europe-2022\/"},"modified":"2022-04-22T17:47:39","modified_gmt":"2022-04-22T15:47:39","slug":"viv-europe-2022","status":"publish","type":"post","link":"https:\/\/www.sime-tek.com\/es\/noticias-y-eventos\/eventos\/viv-europe-2022\/","title":{"rendered":"VIV Europe 2022"},"content":{"rendered":"<p>VIV Europe es la feria av\u00edcola y de huevos N\u00famero 1 en Europa y es la ocasi\u00f3n perfecta para reunirse con nuestro equipo para discutir <strong>nuevas oportunidades<\/strong> y desarrollar <strong>nuevas relaciones<\/strong>!<\/p>\n<p>Nuestro equipo estar\u00e1 encantado de darle la bienvenida en el <strong>stand A096 <\/strong>del<strong> pabell\u00f3n 7<\/strong>. Tendremos algunas de nuestras <strong>empacadoras de huevos<\/strong> m\u00e1s vendidas y una <strong>nueva innovaci\u00f3n<\/strong> que revolucionar\u00e1 la forma en que los productores de huevos realizan sus operaciones diarias.<\/p>\n<p>Ven a saludarnos!<\/p>\n<p>&nbsp;<\/p>\n<p>Exhibition website: <span style=\"color: #0000ff;\"><a style=\"color: #0000ff;\" href=\"http:\/\/www.viveurope.nl\" target=\"_blank\" rel=\"noopener\">www.viveurope.nl<\/a><\/span><\/p>\n","protected":false},"excerpt":{"rendered":"<p>VIV Europe es la feria av\u00edcola y de huevos N\u00famero 1 en Europa y es la ocasi\u00f3n perfecta para reunirse con nuestro equipo para discutir nuevas oportunidades y desarrollar nuevas relaciones! Nuestro equipo estar\u00e1 encantado de darle la bienvenida en el stand A096 del pabell\u00f3n 7. Tendremos algunas de nuestras empacadoras de huevos m\u00e1s vendidas [&hellip;]<\/p>\n","protected":false},"author":3,"featured_media":3517,"comment_status":"closed","ping_status":"closed","sticky":false,"template":"","format":"standard","meta":[],"categories":[247,626],"tags":[],"acf":[],"yoast_head":"<!-- This site is optimized with the Yoast SEO plugin v20.7 - https:\/\/yoast.com\/wordpress\/plugins\/seo\/ -->\n<title>VIV Europe 2022 - Sime-tek<\/title>\n<meta name=\"robots\" content=\"index, follow, max-snippet:-1, max-image-preview:large, max-video-preview:-1\" \/>\n<link rel=\"canonical\" href=\"https:\/\/www.sime-tek.com\/es\/noticias-y-eventos\/eventos\/viv-europe-2022\/\" \/>\n<meta property=\"og:locale\" content=\"es_ES\" \/>\n<meta property=\"og:type\" content=\"article\" \/>\n<meta property=\"og:title\" content=\"VIV Europe 2022 - Sime-tek\" \/>\n<meta property=\"og:description\" content=\"VIV Europe es la feria av\u00edcola y de huevos N\u00famero 1 en Europa y es la ocasi\u00f3n perfecta para reunirse con nuestro equipo para discutir nuevas oportunidades y desarrollar nuevas relaciones! Nuestro equipo estar\u00e1 encantado de darle la bienvenida en el stand A096 del pabell\u00f3n 7. Tendremos algunas de nuestras empacadoras de huevos m\u00e1s vendidas [&hellip;]\" \/>\n<meta property=\"og:url\" content=\"https:\/\/www.sime-tek.com\/es\/noticias-y-eventos\/eventos\/viv-europe-2022\/\" \/>\n<meta property=\"og:site_name\" content=\"Sime-tek\" \/>\n<meta property=\"article:published_time\" content=\"2022-04-22T15:21:03+00:00\" \/>\n<meta property=\"article:modified_time\" content=\"2022-04-22T15:47:39+00:00\" \/>\n<meta property=\"og:image\" content=\"https:\/\/www.sime-tek.com\/wp-content\/uploads\/2022\/04\/VIV_Europe_2022.jpeg\" \/>\n\t<meta property=\"og:image:width\" content=\"1920\" \/>\n\t<meta property=\"og:image:height\" content=\"836\" \/>\n\t<meta property=\"og:image:type\" content=\"image\/jpeg\" \/>\n<meta name=\"author\" content=\"Federico\" \/>\n<meta name=\"twitter:card\" content=\"summary_large_image\" \/>\n<meta name=\"twitter:label1\" content=\"Escrito por\" \/>\n\t<meta name=\"twitter:data1\" content=\"Federico\" \/>\n<script type=\"application\/ld+json\" class=\"yoast-schema-graph\">{\"@context\":\"https:\/\/schema.org\",\"@graph\":[{\"@type\":\"WebPage\",\"@id\":\"https:\/\/www.sime-tek.com\/es\/noticias-y-eventos\/eventos\/viv-europe-2022\/\",\"url\":\"https:\/\/www.sime-tek.com\/es\/noticias-y-eventos\/eventos\/viv-europe-2022\/\",\"name\":\"VIV Europe 2022 - Sime-tek\",\"isPartOf\":{\"@id\":\"https:\/\/www.sime-tek.com\/es\/#website\"},\"datePublished\":\"2022-04-22T15:21:03+00:00\",\"dateModified\":\"2022-04-22T15:47:39+00:00\",\"author\":{\"@id\":\"https:\/\/www.sime-tek.com\/es\/#\/schema\/person\/16eb3108fe65d0f08d3aadf3ba67cdca\"},\"breadcrumb\":{\"@id\":\"https:\/\/www.sime-tek.com\/es\/noticias-y-eventos\/eventos\/viv-europe-2022\/#breadcrumb\"},\"inLanguage\":\"es\",\"potentialAction\":[{\"@type\":\"ReadAction\",\"target\":[\"https:\/\/www.sime-tek.com\/es\/noticias-y-eventos\/eventos\/viv-europe-2022\/\"]}]},{\"@type\":\"BreadcrumbList\",\"@id\":\"https:\/\/www.sime-tek.com\/es\/noticias-y-eventos\/eventos\/viv-europe-2022\/#breadcrumb\",\"itemListElement\":[{\"@type\":\"ListItem\",\"position\":1,\"name\":\"Home\",\"item\":\"https:\/\/www.sime-tek.com\/es\/home\/\"},{\"@type\":\"ListItem\",\"position\":2,\"name\":\"VIV Europe 2022\"}]},{\"@type\":\"WebSite\",\"@id\":\"https:\/\/www.sime-tek.com\/es\/#website\",\"url\":\"https:\/\/www.sime-tek.com\/es\/\",\"name\":\"Sime-tek\",\"description\":\"\",\"potentialAction\":[{\"@type\":\"SearchAction\",\"target\":{\"@type\":\"EntryPoint\",\"urlTemplate\":\"https:\/\/www.sime-tek.com\/es\/?s={search_term_string}\"},\"query-input\":\"required name=search_term_string\"}],\"inLanguage\":\"es\"},{\"@type\":\"Person\",\"@id\":\"https:\/\/www.sime-tek.com\/es\/#\/schema\/person\/16eb3108fe65d0f08d3aadf3ba67cdca\",\"name\":\"Federico\",\"url\":\"https:\/\/www.sime-tek.com\/es\/author\/federico\/\"}]}<\/script>\n<!-- \/ Yoast SEO plugin. -->","yoast_head_json":{"title":"VIV Europe 2022 - Sime-tek","robots":{"index":"index","follow":"follow","max-snippet":"max-snippet:-1","max-image-preview":"max-image-preview:large","max-video-preview":"max-video-preview:-1"},"canonical":"https:\/\/www.sime-tek.com\/es\/noticias-y-eventos\/eventos\/viv-europe-2022\/","og_locale":"es_ES","og_type":"article","og_title":"VIV Europe 2022 - Sime-tek","og_description":"VIV Europe es la feria av\u00edcola y de huevos N\u00famero 1 en Europa y es la ocasi\u00f3n perfecta para reunirse con nuestro equipo para discutir nuevas oportunidades y desarrollar nuevas relaciones! Nuestro equipo estar\u00e1 encantado de darle la bienvenida en el stand A096 del pabell\u00f3n 7. Tendremos algunas de nuestras empacadoras de huevos m\u00e1s vendidas [&hellip;]","og_url":"https:\/\/www.sime-tek.com\/es\/noticias-y-eventos\/eventos\/viv-europe-2022\/","og_site_name":"Sime-tek","article_published_time":"2022-04-22T15:21:03+00:00","article_modified_time":"2022-04-22T15:47:39+00:00","og_image":[{"width":1920,"height":836,"url":"https:\/\/www.sime-tek.com\/wp-content\/uploads\/2022\/04\/VIV_Europe_2022.jpeg","type":"image\/jpeg"}],"author":"Federico","twitter_card":"summary_large_image","twitter_misc":{"Escrito por":"Federico"},"schema":{"@context":"https:\/\/schema.org","@graph":[{"@type":"WebPage","@id":"https:\/\/www.sime-tek.com\/es\/noticias-y-eventos\/eventos\/viv-europe-2022\/","url":"https:\/\/www.sime-tek.com\/es\/noticias-y-eventos\/eventos\/viv-europe-2022\/","name":"VIV Europe 2022 - Sime-tek","isPartOf":{"@id":"https:\/\/www.sime-tek.com\/es\/#website"},"datePublished":"2022-04-22T15:21:03+00:00","dateModified":"2022-04-22T15:47:39+00:00","author":{"@id":"https:\/\/www.sime-tek.com\/es\/#\/schema\/person\/16eb3108fe65d0f08d3aadf3ba67cdca"},"breadcrumb":{"@id":"https:\/\/www.sime-tek.com\/es\/noticias-y-eventos\/eventos\/viv-europe-2022\/#breadcrumb"},"inLanguage":"es","potentialAction":[{"@type":"ReadAction","target":["https:\/\/www.sime-tek.com\/es\/noticias-y-eventos\/eventos\/viv-europe-2022\/"]}]},{"@type":"BreadcrumbList","@id":"https:\/\/www.sime-tek.com\/es\/noticias-y-eventos\/eventos\/viv-europe-2022\/#breadcrumb","itemListElement":[{"@type":"ListItem","position":1,"name":"Home","item":"https:\/\/www.sime-tek.com\/es\/home\/"},{"@type":"ListItem","position":2,"name":"VIV Europe 2022"}]},{"@type":"WebSite","@id":"https:\/\/www.sime-tek.com\/es\/#website","url":"https:\/\/www.sime-tek.com\/es\/","name":"Sime-tek","description":"","potentialAction":[{"@type":"SearchAction","target":{"@type":"EntryPoint","urlTemplate":"https:\/\/www.sime-tek.com\/es\/?s={search_term_string}"},"query-input":"required name=search_term_string"}],"inLanguage":"es"},{"@type":"Person","@id":"https:\/\/www.sime-tek.com\/es\/#\/schema\/person\/16eb3108fe65d0f08d3aadf3ba67cdca","name":"Federico","url":"https:\/\/www.sime-tek.com\/es\/author\/federico\/"}]}},"wps_subtitle":"Utrecht, 31 Mayo - 2 Junio","_links":{"self":[{"href":"https:\/\/www.sime-tek.com\/es\/wp-json\/wp\/v2\/posts\/3522"}],"collection":[{"href":"https:\/\/www.sime-tek.com\/es\/wp-json\/wp\/v2\/posts"}],"about":[{"href":"https:\/\/www.sime-tek.com\/es\/wp-json\/wp\/v2\/types\/post"}],"author":[{"embeddable":true,"href":"https:\/\/www.sime-tek.com\/es\/wp-json\/wp\/v2\/users\/3"}],"replies":[{"embeddable":true,"href":"https:\/\/www.sime-tek.com\/es\/wp-json\/wp\/v2\/comments?post=3522"}],"version-history":[{"count":5,"href":"https:\/\/www.sime-tek.com\/es\/wp-json\/wp\/v2\/posts\/3522\/revisions"}],"predecessor-version":[{"id":3537,"href":"https:\/\/www.sime-tek.com\/es\/wp-json\/wp\/v2\/posts\/3522\/revisions\/3537"}],"wp:featuredmedia":[{"embeddable":true,"href":"https:\/\/www.sime-tek.com\/es\/wp-json\/wp\/v2\/media\/3517"}],"wp:attachment":[{"href":"https:\/\/www.sime-tek.com\/es\/wp-json\/wp\/v2\/media?parent=3522"}],"wp:term":[{"taxonomy":"category","embeddable":true,"href":"https:\/\/www.sime-tek.com\/es\/wp-json\/wp\/v2\/categories?post=3522"},{"taxonomy":"post_tag","embeddable":true,"href":"https:\/\/www.sime-tek.com\/es\/wp-json\/wp\/v2\/tags?post=3522"}],"curies":[{"name":"wp","href":"https:\/\/api.w.org\/{rel}","templated":true}]}}